{"id":1667,"date":"2021-11-20T11:14:00","date_gmt":"2021-11-20T18:14:00","guid":{"rendered":"http:\/\/www.jmasojinaga.gob.mx\/principal\/?p=1667"},"modified":"2021-11-20T11:14:00","modified_gmt":"2021-11-20T18:14:00","slug":"ampliacion-de-servicio","status":"publish","type":"post","link":"https:\/\/www.jmasojinaga.gob.mx\/principal\/boletines\/ampliacion-de-servicio\/","title":{"rendered":"Ampliaci\u00f3n de Servicio"},"content":{"rendered":"<div class=\"kvgmc6g5 cxmmr5t8 oygrvhab hcukyx3x c1et5uql ii04i59q\">\n<div dir=\"auto\">JMAS Ojinaga amplia los servicios de drenaje sanitario en la zona de Ca\u00f1ada Ancha.<span class=\"pq6dq46d tbxw36s4 knj5qynh kvgmc6g5 ditlmg2l oygrvhab nvdbi5me sf5mxxl7 gl3lb2sf hhz5lgdu\"><img loading=\"lazy\" src=\"https:\/\/www.facebook.com\/images\/emoji.php\/v9\/tc1\/1\/16\/1f4a6.png\" alt=\"\ud83d\udca6\" width=\"16\" height=\"16\" \/><\/span>Se instalaron 98 metros lineales de tuber\u00eda de PVC de 8&#8243; en la Calle 4a. entre Calles Col\u00f3n y M\u00e9ndez. <span class=\"pq6dq46d tbxw36s4 knj5qynh kvgmc6g5 ditlmg2l oygrvhab nvdbi5me sf5mxxl7 gl3lb2sf hhz5lgdu\"><img loading=\"lazy\" src=\"https:\/\/www.facebook.com\/images\/emoji.php\/v9\/tc4\/1\/16\/1f6a7.png\" alt=\"\ud83d\udea7\" width=\"16\" height=\"16\" \/><\/span><\/div>\n<\/div>\n<div class=\"o9v6fnle cxmmr5t8 oygrvhab hcukyx3x c1et5uql ii04i59q\">\n<div dir=\"auto\"><a class=\"oajrlxb2 g5ia77u1 qu0x051f esr5mh6w e9989ue4 r7d6kgcz rq0escxv nhd2j8a9 nc684nl6 p7hjln8o kvgmc6g5 cxmmr5t8 oygrvhab hcukyx3x jb3vyjys rz4wbd8a qt6c0cv9 a8nywdso i1ao9s8h esuyzwwr f1sip0of lzcic4wl q66pz984 gpro0wi8 b1v8xokw\" tabindex=\"0\" href=\"https:\/\/www.facebook.com\/hashtag\/juntoss%C3%ADpodemos?__eep__=6&amp;__cft__[0]=AZUV2SOAsg-FI0apJcLq2ZELq1StW9s4Pm0SwqB0Auxbq2dKGA1xOvz68R5tQ9Kkg9dtBPO6NcIF9kJX46p50XMRJQUBoRhIGCSXwiGTF4PFOxqKjA9DZ2iZ4DEb3W8UBbo&amp;__tn__=*NK-R\">#JuntosS\u00edPodemos<\/a><\/div>\n<\/div>\n","protected":false},"excerpt":{"rendered":"<p>JMAS Ojinaga amplia los servicios de drenaje sanitario en la zona de Ca\u00f1ada Ancha.Se instalaron 98 metros lineales de tuber\u00eda de PVC de 8&#8243; en la Calle 4a. entre Calles Col\u00f3n y M\u00e9ndez. #JuntosS\u00edPodemos<\/p>\n","protected":false},"author":1,"featured_media":1668,"comment_status":"closed","ping_status":"closed","sticky":false,"template":"","format":"standard","meta":[],"categories":[4],"tags":[],"_links":{"self":[{"href":"https:\/\/www.jmasojinaga.gob.mx\/principal\/wp-json\/wp\/v2\/posts\/1667"}],"collection":[{"href":"https:\/\/www.jmasojinaga.gob.mx\/principal\/wp-json\/wp\/v2\/posts"}],"about":[{"href":"https:\/\/www.jmasojinaga.gob.mx\/principal\/wp-json\/wp\/v2\/types\/post"}],"author":[{"embeddable":true,"href":"https:\/\/www.jmasojinaga.gob.mx\/principal\/wp-json\/wp\/v2\/users\/1"}],"replies":[{"embeddable":true,"href":"https:\/\/www.jmasojinaga.gob.mx\/principal\/wp-json\/wp\/v2\/comments?post=1667"}],"version-history":[{"count":1,"href":"https:\/\/www.jmasojinaga.gob.mx\/principal\/wp-json\/wp\/v2\/posts\/1667\/revisions"}],"predecessor-version":[{"id":1669,"href":"https:\/\/www.jmasojinaga.gob.mx\/principal\/wp-json\/wp\/v2\/posts\/1667\/revisions\/1669"}],"wp:featuredmedia":[{"embeddable":true,"href":"https:\/\/www.jmasojinaga.gob.mx\/principal\/wp-json\/wp\/v2\/media\/1668"}],"wp:attachment":[{"href":"https:\/\/www.jmasojinaga.gob.mx\/principal\/wp-json\/wp\/v2\/media?parent=1667"}],"wp:term":[{"taxonomy":"category","embeddable":true,"href":"https:\/\/www.jmasojinaga.gob.mx\/principal\/wp-json\/wp\/v2\/categories?post=1667"},{"taxonomy":"post_tag","embeddable":true,"href":"https:\/\/www.jmasojinaga.gob.mx\/principal\/wp-json\/wp\/v2\/tags?post=1667"}],"curies":[{"name":"wp","href":"https:\/\/api.w.org\/{rel}","templated":true}]}}